{"id":300,"date":"2025-09-08T16:23:27","date_gmt":"2025-09-08T16:23:27","guid":{"rendered":"https:\/\/presented.com.ar\/?p=300"},"modified":"2025-09-08T16:23:27","modified_gmt":"2025-09-08T16:23:27","slug":"semana-del-aprendizaje-digital-2025-ia-y-educacion-etica","status":"publish","type":"post","link":"https:\/\/presented.com.ar\/index.php\/2025\/09\/08\/semana-del-aprendizaje-digital-2025-ia-y-educacion-etica\/","title":{"rendered":"Semana del Aprendizaje Digital 2025: IA y educaci\u00f3n \u00e9tica"},"content":{"rendered":"\n<p><strong>\u00bfQu\u00e9 pas\u00f3?<\/strong><strong><br><\/strong> La UNESCO reuni\u00f3 del 2 al 5 de septiembre a l\u00edderes, educadores y especialistas para analizar c\u00f3mo la <strong>IA transforma la educaci\u00f3n<\/strong>.<\/p>\n\n\n\n<p><strong>Lo m\u00e1s destacado:<\/strong><\/p>\n\n\n\n<ul class=\"wp-block-list\">\n<li>\ud83d\udca1 <strong>Debates clave:<\/strong> \u00e9tica, inclusi\u00f3n y foco en las personas.<br><\/li>\n\n\n\n<li>\ud83d\udee0 <strong>Talleres y laboratorios:<\/strong> cocreaci\u00f3n de soluciones educativas innovadoras.<br><\/li>\n\n\n\n<li>\ud83d\udcda <strong>Recursos UNESCO:<\/strong> marcos de competencias en IA, gu\u00edas para docentes y estudios sobre derechos de estudiantes.<br><\/li>\n\n\n\n<li>\ud83c\udf10 <strong>Acceso global:<\/strong> sesiones transmitidas en vivo para todo el mundo.<br><\/li>\n<\/ul>\n\n\n\n<p><strong>\u00bfPor qu\u00e9 nos importa en PRESENTED?<\/strong><strong><br><\/strong> La tecnolog\u00eda educativa solo funciona si se integra de manera <strong>estrat\u00e9gica y \u00e9tica<\/strong>. Por eso:<\/p>\n\n\n\n<ul class=\"wp-block-list\">\n<li>Creamos <strong>experiencias de aprendizaje inclusivas y sostenibles<\/strong>.<br><\/li>\n\n\n\n<li>Ayudamos a instituciones a <strong>incorporar innovaci\u00f3n sin perder el foco pedag\u00f3gico<\/strong>.<br><\/li>\n\n\n\n<li>Transformamos <strong>datos y herramientas digitales en decisiones educativas efectivas<\/strong>.<br><\/li>\n<\/ul>\n\n\n\n<p><strong>M\u00e1s informaci\u00f3n:<\/strong><a href=\"https:\/\/www.unesco.org\/es\/weeks\/digital-learning?utm_source=chatgpt.com\"> Semana del Aprendizaje Digital \u2013 UNESCO<\/a><\/p>\n","protected":false},"excerpt":{"rendered":"<p>\u00bfQu\u00e9 pas\u00f3? La UNESCO reuni\u00f3 del 2 al 5 de septiembre a l\u00edderes, educadores y especialistas para analizar c\u00f3mo la IA transforma la educaci\u00f3n. Lo m\u00e1s destacado: \u00bfPor qu\u00e9 nos importa en PRESENTED? La tecnolog\u00eda educativa solo funciona si se integra de manera estrat\u00e9gica y \u00e9tica. Por eso: M\u00e1s informaci\u00f3n: Semana del Aprendizaje Digital \u2013 [&hellip;]<\/p>\n","protected":false},"author":2,"featured_media":301,"comment_status":"closed","ping_status":"open","sticky":false,"template":"","format":"standard","meta":{"footnotes":""},"categories":[1],"tags":[5,8,9,7,10,6,11],"class_list":["post-300","post","type-post","status-publish","format-standard","has-post-thumbnail","hentry","category-uncategorized","tag-aprendizaje-digital","tag-educacion","tag-formacion","tag-ia","tag-ia-y-etica","tag-inteligencia-artificial","tag-uso-responsable-de-la-ia"],"jetpack_featured_media_url":"https:\/\/presented.com.ar\/wp-content\/uploads\/2025\/09\/PRESENTED-EN-LA-RONDA-DE-NEGOCIOS-4.png","_links":{"self":[{"href":"https:\/\/presented.com.ar\/index.php\/wp-json\/wp\/v2\/posts\/300","targetHints":{"allow":["GET"]}}],"collection":[{"href":"https:\/\/presented.com.ar\/index.php\/wp-json\/wp\/v2\/posts"}],"about":[{"href":"https:\/\/presented.com.ar\/index.php\/wp-json\/wp\/v2\/types\/post"}],"author":[{"embeddable":true,"href":"https:\/\/presented.com.ar\/index.php\/wp-json\/wp\/v2\/users\/2"}],"replies":[{"embeddable":true,"href":"https:\/\/presented.com.ar\/index.php\/wp-json\/wp\/v2\/comments?post=300"}],"version-history":[{"count":1,"href":"https:\/\/presented.com.ar\/index.php\/wp-json\/wp\/v2\/posts\/300\/revisions"}],"predecessor-version":[{"id":302,"href":"https:\/\/presented.com.ar\/index.php\/wp-json\/wp\/v2\/posts\/300\/revisions\/302"}],"wp:featuredmedia":[{"embeddable":true,"href":"https:\/\/presented.com.ar\/index.php\/wp-json\/wp\/v2\/media\/301"}],"wp:attachment":[{"href":"https:\/\/presented.com.ar\/index.php\/wp-json\/wp\/v2\/media?parent=300"}],"wp:term":[{"taxonomy":"category","embeddable":true,"href":"https:\/\/presented.com.ar\/index.php\/wp-json\/wp\/v2\/categories?post=300"},{"taxonomy":"post_tag","embeddable":true,"href":"https:\/\/presented.com.ar\/index.php\/wp-json\/wp\/v2\/tags?post=300"}],"curies":[{"name":"wp","href":"https:\/\/api.w.org\/{rel}","templated":true}]}}